
{"id":307,"date":"2022-06-17T12:21:29","date_gmt":"2022-06-17T10:21:29","guid":{"rendered":"https:\/\/www.blagroep.nl\/lorem-ipsum-dolor-sit-amet\/"},"modified":"2023-06-08T05:21:58","modified_gmt":"2023-06-08T03:21:58","slug":"vallalkozas-inditasa-hollandiaban-1-resz","status":"publish","type":"post","link":"https:\/\/www.blagroep.nl\/hu\/vallalkozas-inditasa-hollandiaban-1-resz\/","title":{"rendered":"V\u00e1llalkoz\u00e1s ind\u00edt\u00e1sa Hollandi\u00e1ban \u2013 1. r\u00e9sz"},"content":{"rendered":"<p>Miel\u0151tt \u00f6n\u00e1ll\u00f3 tev\u00e9kenys\u00e9gbe kezdene Hollandi\u00e1ban \u00e9s elmenne a Kereskedelmi Kamar\u00e1hoz regisztr\u00e1lni v\u00e1llalkoz\u00e1s\u00e1t, a k\u00f6vetkez\u0151 k\u00e9rd\u00e9seket gondolja \u00e1t:<\/p>\n<p>&#8211;\u00a0\u00a0\u00a0\u00a0\u00a0\u00a0\u00a0\u00a0\u00a0\u00a0 Hollandiai v\u00e1llalkoz\u00e1sa enged\u00e9lyeztet\u00e9se<\/p>\n<p>&#8211;\u00a0\u00a0\u00a0\u00a0\u00a0\u00a0\u00a0\u00a0\u00a0\u00a0 \u00dczleti terv k\u00e9sz\u00edt\u00e9se<\/p>\n<p>&#8211;\u00a0\u00a0\u00a0\u00a0\u00a0\u00a0\u00a0\u00a0\u00a0\u00a0 A v\u00e1llalkoz\u00e1s neve \u00e9s jogi form\u00e1j\u00e1nak kiv\u00e1laszt\u00e1sa<\/p>\n<p>&#8211;\u00a0\u00a0\u00a0\u00a0\u00a0\u00a0\u00a0\u00a0\u00a0\u00a0 Ad\u00f3z\u00e1si \u00e9s biztos\u00edt\u00e1si k\u00f6telezetts\u00e9gek<\/p>\n<p>&#8211;\u00a0\u00a0\u00a0\u00a0\u00a0\u00a0\u00a0\u00a0\u00a0\u00a0 Telephely, lok\u00e1ci\u00f3 meghat\u00e1roz\u00e1sa<\/p>\n<p>&#8211;\u00a0\u00a0\u00a0\u00a0\u00a0\u00a0\u00a0\u00a0\u00a0\u00a0 Az ad\u00f3hivatal \u00e1ltal elfogadott mintaszerz\u0151d\u00e9s, aminek alapj\u00e1n v\u00e1llalkoz\u00f3k\u00e9nt tev\u00e9kenykedhet<\/p>\n<p>Regisztr\u00e1ci\u00f3<\/p>\n<p>EU-s \u00e1llampolg\u00e1rokn\u00e1l nincs sz\u00fcks\u00e9ge semmilyen enged\u00e9lyre, hogy Hollandi\u00e1ban \u00e9ljen, dolgozzon, azonban az ad\u00f3z\u00e1si, biztos\u00edt\u00e1si, t\u00e1mogat\u00e1si \u00e9s egy\u00e9b adminisztr\u00e1ci\u00f3s \u00fcgyek miatt fontos, hogy beregisztr\u00e1lja mag\u00e1t a holland hat\u00f3s\u00e1gokn\u00e1l. Amennyiben 3 h\u00f3napn\u00e1l tov\u00e1bb tart\u00f3zkodik az orsz\u00e1gban, a helyi \u00f6nkorm\u00e1nyzatn\u00e1l (Gemeente) kell beregisztr\u00e1lnia.<\/p>\n<p>A Holland Gazdas\u00e1gi Miniszt\u00e9rium \u00e9rt\u00e9kelni fogja v\u00e1llalkoz\u00e1s\u00e1t k\u00fcl\u00f6nb\u00f6z\u0151 szempontok szerint, k\u00f6zt\u00fck a szem\u00e9lyi tapasztalatok (oktat\u00e1s, kor\u00e1bbi munkahelyek, v\u00e1llalkoz\u00e1sok), \u00fczleti terv \u00e9s a gazdas\u00e1gi \u00e9rt\u00e9k alapj\u00e1n (befektet\u00e9s, hozz\u00e1adott \u00e9rt\u00e9k). Egy minim\u00e1lis pontot el kell \u00e9rnie ezen az \u00e9rt\u00e9kel\u00e9sen, hogy megkapja az enged\u00e9lyt. (Igaz ez az \u00e9rt\u00e9kel\u00e9s nem t\u00e1maszt t\u00fal magas k\u00f6vetelm\u00e9nyeket.)<\/p>\n<p>BSN vagy RSIN sz\u00e1m<\/p>\n<p>Szeretne egy\u00e9ni v\u00e1llalkoz\u00e1s\u00e1t bejegyeztetni? Ebben az esetben a BSN sz\u00e1ma alapj\u00e1n regisztr\u00e1lja \u00f6nt az ad\u00f3hat\u00f3s\u00e1g. Egy \u00faj jogi form\u00e1ra szeretne v\u00e1ltoztatni c\u00e9ge t\u00edpus\u00e1t? Ha m\u00e1r nem egy\u00e9ni v\u00e1llalkoz\u00e1sk\u00e9nt \u00fczemelteti a c\u00e9get, a Kereskedelmi Kamara RSIN (Rechtpersonen en Samenwerkingverbanden Informatienummer) sz\u00e1mot fog adni \u00f6nnek. Ezek ut\u00e1n a BSN vagy RSIN sz\u00e1ma ut\u00e1n fog ad\u00f3sz\u00e1mot vagy btw-sz\u00e1mot kapni. Tov\u00e1bbi inform\u00e1ci\u00f3 a www.kvk.nl c\u00edmen el\u00e9rhet\u0151.<\/p>\n<p>Regisztr\u00e1ci\u00f3 a Kereskedelmi Kamar\u00e1n\u00e1l<\/p>\n<p>Amennyiben sikeresen meghat\u00e1rozta a c\u00e9gform\u00e1j\u00e1t, regisztr\u00e1lhatja mag\u00e1t a helyi Kereskedelmi Kamar\u00e1n\u00e1l. A v\u00e1llalkoz\u00e1s m\u0171k\u00f6d\u00e9s\u00e9nek megkezd\u00e9s\u00e9t megel\u0151z\u0151 \u00e9s azt k\u00f6vet\u0151 egy h\u00e9tben k\u00f6teles regisztr\u00e1lni v\u00e1llalkoz\u00e1s\u00e1t. Regisztr\u00e1ci\u00f3 alkalm\u00e1val el kell hoznia egy \u00e9rv\u00e9nyes szem\u00e9lyi igazolv\u00e1nyt vagy \u00fatlevelet. K\u00f6teles ezen fel\u00fcl egy bejelentett hollandiai, vagy ha az nincs, k\u00fclf\u00f6ldi levelez\u00e9si c\u00edmmel rendelkeznie. Ha az \u00fczleti tev\u00e9kenys\u00e9get nem otthonr\u00f3l, hanem egy b\u00e9relt helys\u00e9gb\u0151l v\u00e9gzi, az esetben k\u00f6teles a b\u00e9rleti szerz\u0151d\u00e9s\u00e9t bemutatni a regisztr\u00e1ci\u00f3 alkalm\u00e1val.<\/p>\n<p>Figyelj oda, hogy Kereskedelmi Kamar\u00e1n\u00e1l a k\u00e9rt dokumentumokat mindig a megfelel\u0151 szem\u00e9ly \u00edrja al\u00e1 (tulajdonos, tulajdonost\u00e1rs). Amennyiben sikeres volt a regisztr\u00e1ci\u00f3, kapni fog a kereskedelmi kamar\u00e1t\u00f3l egy 8 sz\u00e1mjegy\u0171 azonos\u00edt\u00f3t, amely azonos\u00edt\u00f3t fel kell t\u00fcntetnie a tov\u00e1bbiakban minden hivatalos levelez\u00e9sen.<\/p>\n<p>A regisztr\u00e1ci\u00f3s formanyomtatv\u00e1nyok el\u00e9rhet\u0151k a Kereskedelmi Kamara honlapj\u00e1n, kiz\u00e1r\u00f3lag holland nyelven (illetve n\u00e9mely angolul).<\/p>\n<p>Regisztr\u00e1ci\u00f3 ut\u00e1n a v\u00e1llalkoz\u00f3 feladata, hogy az adatokat napra k\u00e9szen tartsa.<\/p>\n<p>N\u00e9mely v\u00e1llalkoz\u00e1s eset\u00e9n sz\u00fcks\u00e9ges lehet tov\u00e1bbi enged\u00e9lyez\u00e9sek beszerz\u00e9se (pl.: taxi, sof\u0151r, vend\u00e9gl\u00e1t\u00f3s, sz\u00e1ll\u00edtm\u00e1nyoz\u00e1s). M\u00e1s v\u00e1llalatok eset\u00e9ben a k\u00f6rnyezetv\u00e9delmi enged\u00e9lyeztet\u00e9s lehet sz\u00fcks\u00e9ges. Minden ilyen t\u00edpus\u00fa enged\u00e9lyeztet\u00e9st a helyi \u00f6nkorm\u00e1nyzatn\u00e1l kell elint\u00e9zni.<\/p>\n","protected":false},"excerpt":{"rendered":"<p>Miel\u0151tt \u00f6n\u00e1ll\u00f3 tev\u00e9kenys\u00e9gbe kezdene Hollandi\u00e1ban \u00e9s elmenne a Kereskedelmi Kamar\u00e1hoz regisztr\u00e1lni v\u00e1llalkoz\u00e1s\u00e1t, a k\u00f6vetkez\u0151 k\u00e9rd\u00e9seket gondolja \u00e1t: &#8211;\u00a0\u00a0\u00a0\u00a0\u00a0\u00a0\u00a0\u00a0\u00a0\u00a0 Hollandiai v\u00e1llalkoz\u00e1sa [&hellip;]<\/p>\n","protected":false},"author":1,"featured_media":1440,"comment_status":"open","ping_status":"closed","sticky":false,"template":"","format":"standard","meta":{"_acf_changed":false,"footnotes":""},"categories":[40],"tags":[],"class_list":["post-307","post","type-post","status-publish","format-standard","has-post-thumbnail","hentry","category-blog"],"acf":[],"yoast_head":"<!-- This site is optimized with the Yoast SEO plugin v25.1 - https:\/\/yoast.com\/wordpress\/plugins\/seo\/ -->\n<title>V\u00e1llalkoz\u00e1s ind\u00edt\u00e1sa Hollandi\u00e1ban \u2013 1. r\u00e9sz - BLA Groep<\/title>\n<meta name=\"robots\" content=\"index, follow, max-snippet:-1, max-image-preview:large, max-video-preview:-1\" \/>\n<link rel=\"canonical\" href=\"https:\/\/www.blagroep.nl\/hu\/vallalkozas-inditasa-hollandiaban-1-resz\/\" \/>\n<meta property=\"og:locale\" content=\"hu_HU\" \/>\n<meta property=\"og:type\" content=\"article\" \/>\n<meta property=\"og:title\" content=\"V\u00e1llalkoz\u00e1s ind\u00edt\u00e1sa Hollandi\u00e1ban \u2013 1. r\u00e9sz - BLA Groep\" \/>\n<meta property=\"og:description\" content=\"Miel\u0151tt \u00f6n\u00e1ll\u00f3 tev\u00e9kenys\u00e9gbe kezdene Hollandi\u00e1ban \u00e9s elmenne a Kereskedelmi Kamar\u00e1hoz regisztr\u00e1lni v\u00e1llalkoz\u00e1s\u00e1t, a k\u00f6vetkez\u0151 k\u00e9rd\u00e9seket gondolja \u00e1t: &#8211;\u00a0\u00a0\u00a0\u00a0\u00a0\u00a0\u00a0\u00a0\u00a0\u00a0 Hollandiai v\u00e1llalkoz\u00e1sa [&hellip;]\" \/>\n<meta property=\"og:url\" content=\"https:\/\/www.blagroep.nl\/hu\/vallalkozas-inditasa-hollandiaban-1-resz\/\" \/>\n<meta property=\"og:site_name\" content=\"BLA Groep\" \/>\n<meta property=\"article:published_time\" content=\"2022-06-17T10:21:29+00:00\" \/>\n<meta property=\"article:modified_time\" content=\"2023-06-08T03:21:58+00:00\" \/>\n<meta property=\"og:image\" content=\"https:\/\/www.blagroep.nl\/wp-content\/uploads\/2022\/06\/building-gb0c873509_1280-1.jpg\" \/>\n\t<meta property=\"og:image:width\" content=\"1280\" \/>\n\t<meta property=\"og:image:height\" content=\"853\" \/>\n\t<meta property=\"og:image:type\" content=\"image\/jpeg\" \/>\n<meta name=\"author\" content=\"Webmaster\" \/>\n<meta name=\"twitter:card\" content=\"summary_large_image\" \/>\n<meta name=\"twitter:label1\" content=\"Szerz\u0151:\" \/>\n\t<meta name=\"twitter:data1\" content=\"Webmaster\" \/>\n\t<meta name=\"twitter:label2\" content=\"Becs\u00fclt olvas\u00e1si id\u0151\" \/>\n\t<meta name=\"twitter:data2\" content=\"2 perc\" \/>\n<script type=\"application\/ld+json\" class=\"yoast-schema-graph\">{\"@context\":\"https:\/\/schema.org\",\"@graph\":[{\"@type\":\"Article\",\"@id\":\"https:\/\/www.blagroep.nl\/hu\/vallalkozas-inditasa-hollandiaban-1-resz\/#article\",\"isPartOf\":{\"@id\":\"https:\/\/www.blagroep.nl\/hu\/vallalkozas-inditasa-hollandiaban-1-resz\/\"},\"author\":{\"name\":\"Webmaster\",\"@id\":\"https:\/\/www.blagroep.nl\/hu\/#\/schema\/person\/47a0fa6b1c5f9e73e60d901a26ba16dc\"},\"headline\":\"V\u00e1llalkoz\u00e1s ind\u00edt\u00e1sa Hollandi\u00e1ban \u2013 1. r\u00e9sz\",\"datePublished\":\"2022-06-17T10:21:29+00:00\",\"dateModified\":\"2023-06-08T03:21:58+00:00\",\"mainEntityOfPage\":{\"@id\":\"https:\/\/www.blagroep.nl\/hu\/vallalkozas-inditasa-hollandiaban-1-resz\/\"},\"wordCount\":639,\"commentCount\":0,\"publisher\":{\"@id\":\"https:\/\/www.blagroep.nl\/hu\/#organization\"},\"image\":{\"@id\":\"https:\/\/www.blagroep.nl\/hu\/vallalkozas-inditasa-hollandiaban-1-resz\/#primaryimage\"},\"thumbnailUrl\":\"https:\/\/www.blagroep.nl\/wp-content\/uploads\/2022\/06\/building-gb0c873509_1280-1.jpg\",\"articleSection\":[\"Blog\"],\"inLanguage\":\"hu\",\"potentialAction\":[{\"@type\":\"CommentAction\",\"name\":\"Comment\",\"target\":[\"https:\/\/www.blagroep.nl\/hu\/vallalkozas-inditasa-hollandiaban-1-resz\/#respond\"]}]},{\"@type\":\"WebPage\",\"@id\":\"https:\/\/www.blagroep.nl\/hu\/vallalkozas-inditasa-hollandiaban-1-resz\/\",\"url\":\"https:\/\/www.blagroep.nl\/hu\/vallalkozas-inditasa-hollandiaban-1-resz\/\",\"name\":\"V\u00e1llalkoz\u00e1s ind\u00edt\u00e1sa Hollandi\u00e1ban \u2013 1. r\u00e9sz - BLA Groep\",\"isPartOf\":{\"@id\":\"https:\/\/www.blagroep.nl\/hu\/#website\"},\"primaryImageOfPage\":{\"@id\":\"https:\/\/www.blagroep.nl\/hu\/vallalkozas-inditasa-hollandiaban-1-resz\/#primaryimage\"},\"image\":{\"@id\":\"https:\/\/www.blagroep.nl\/hu\/vallalkozas-inditasa-hollandiaban-1-resz\/#primaryimage\"},\"thumbnailUrl\":\"https:\/\/www.blagroep.nl\/wp-content\/uploads\/2022\/06\/building-gb0c873509_1280-1.jpg\",\"datePublished\":\"2022-06-17T10:21:29+00:00\",\"dateModified\":\"2023-06-08T03:21:58+00:00\",\"breadcrumb\":{\"@id\":\"https:\/\/www.blagroep.nl\/hu\/vallalkozas-inditasa-hollandiaban-1-resz\/#breadcrumb\"},\"inLanguage\":\"hu\",\"potentialAction\":[{\"@type\":\"ReadAction\",\"target\":[\"https:\/\/www.blagroep.nl\/hu\/vallalkozas-inditasa-hollandiaban-1-resz\/\"]}]},{\"@type\":\"ImageObject\",\"inLanguage\":\"hu\",\"@id\":\"https:\/\/www.blagroep.nl\/hu\/vallalkozas-inditasa-hollandiaban-1-resz\/#primaryimage\",\"url\":\"https:\/\/www.blagroep.nl\/wp-content\/uploads\/2022\/06\/building-gb0c873509_1280-1.jpg\",\"contentUrl\":\"https:\/\/www.blagroep.nl\/wp-content\/uploads\/2022\/06\/building-gb0c873509_1280-1.jpg\",\"width\":1280,\"height\":853,\"caption\":\"Starting a business in the Netherlands\"},{\"@type\":\"BreadcrumbList\",\"@id\":\"https:\/\/www.blagroep.nl\/hu\/vallalkozas-inditasa-hollandiaban-1-resz\/#breadcrumb\",\"itemListElement\":[{\"@type\":\"ListItem\",\"position\":1,\"name\":\"Home\",\"item\":\"https:\/\/www.blagroep.nl\/hu\/\"},{\"@type\":\"ListItem\",\"position\":2,\"name\":\"V\u00e1llalkoz\u00e1s ind\u00edt\u00e1sa Hollandi\u00e1ban \u2013 1. r\u00e9sz\"}]},{\"@type\":\"WebSite\",\"@id\":\"https:\/\/www.blagroep.nl\/hu\/#website\",\"url\":\"https:\/\/www.blagroep.nl\/hu\/\",\"name\":\"BLA Groep\",\"description\":\"Boekhouding, Loonadministratie en Advies\",\"publisher\":{\"@id\":\"https:\/\/www.blagroep.nl\/hu\/#organization\"},\"potentialAction\":[{\"@type\":\"SearchAction\",\"target\":{\"@type\":\"EntryPoint\",\"urlTemplate\":\"https:\/\/www.blagroep.nl\/hu\/?s={search_term_string}\"},\"query-input\":{\"@type\":\"PropertyValueSpecification\",\"valueRequired\":true,\"valueName\":\"search_term_string\"}}],\"inLanguage\":\"hu\"},{\"@type\":\"Organization\",\"@id\":\"https:\/\/www.blagroep.nl\/hu\/#organization\",\"name\":\"BLA Groep\",\"url\":\"https:\/\/www.blagroep.nl\/hu\/\",\"logo\":{\"@type\":\"ImageObject\",\"inLanguage\":\"hu\",\"@id\":\"https:\/\/www.blagroep.nl\/hu\/#\/schema\/logo\/image\/\",\"url\":\"https:\/\/www.blagroep.nl\/wp-content\/uploads\/2022\/06\/blagroep-logo.png\",\"contentUrl\":\"https:\/\/www.blagroep.nl\/wp-content\/uploads\/2022\/06\/blagroep-logo.png\",\"width\":410,\"height\":383,\"caption\":\"BLA Groep\"},\"image\":{\"@id\":\"https:\/\/www.blagroep.nl\/hu\/#\/schema\/logo\/image\/\"}},{\"@type\":\"Person\",\"@id\":\"https:\/\/www.blagroep.nl\/hu\/#\/schema\/person\/47a0fa6b1c5f9e73e60d901a26ba16dc\",\"name\":\"Webmaster\",\"image\":{\"@type\":\"ImageObject\",\"inLanguage\":\"hu\",\"@id\":\"https:\/\/www.blagroep.nl\/hu\/#\/schema\/person\/image\/\",\"url\":\"https:\/\/secure.gravatar.com\/avatar\/2fed7c26755e65e495ecd4945cdefc2045e96c11169214b6792b4c4a8b380699?s=96&d=mm&r=g\",\"contentUrl\":\"https:\/\/secure.gravatar.com\/avatar\/2fed7c26755e65e495ecd4945cdefc2045e96c11169214b6792b4c4a8b380699?s=96&d=mm&r=g\",\"caption\":\"Webmaster\"},\"sameAs\":[\"https:\/\/www.blagroep.nl\"],\"url\":\"https:\/\/www.blagroep.nl\/hu\/author\/admin\/\"}]}<\/script>\n<!-- \/ Yoast SEO plugin. -->","yoast_head_json":{"title":"V\u00e1llalkoz\u00e1s ind\u00edt\u00e1sa Hollandi\u00e1ban \u2013 1. r\u00e9sz - BLA Groep","robots":{"index":"index","follow":"follow","max-snippet":"max-snippet:-1","max-image-preview":"max-image-preview:large","max-video-preview":"max-video-preview:-1"},"canonical":"https:\/\/www.blagroep.nl\/hu\/vallalkozas-inditasa-hollandiaban-1-resz\/","og_locale":"hu_HU","og_type":"article","og_title":"V\u00e1llalkoz\u00e1s ind\u00edt\u00e1sa Hollandi\u00e1ban \u2013 1. r\u00e9sz - BLA Groep","og_description":"Miel\u0151tt \u00f6n\u00e1ll\u00f3 tev\u00e9kenys\u00e9gbe kezdene Hollandi\u00e1ban \u00e9s elmenne a Kereskedelmi Kamar\u00e1hoz regisztr\u00e1lni v\u00e1llalkoz\u00e1s\u00e1t, a k\u00f6vetkez\u0151 k\u00e9rd\u00e9seket gondolja \u00e1t: &#8211;\u00a0\u00a0\u00a0\u00a0\u00a0\u00a0\u00a0\u00a0\u00a0\u00a0 Hollandiai v\u00e1llalkoz\u00e1sa [&hellip;]","og_url":"https:\/\/www.blagroep.nl\/hu\/vallalkozas-inditasa-hollandiaban-1-resz\/","og_site_name":"BLA Groep","article_published_time":"2022-06-17T10:21:29+00:00","article_modified_time":"2023-06-08T03:21:58+00:00","og_image":[{"width":1280,"height":853,"url":"https:\/\/www.blagroep.nl\/wp-content\/uploads\/2022\/06\/building-gb0c873509_1280-1.jpg","type":"image\/jpeg"}],"author":"Webmaster","twitter_card":"summary_large_image","twitter_misc":{"Szerz\u0151:":"Webmaster","Becs\u00fclt olvas\u00e1si id\u0151":"2 perc"},"schema":{"@context":"https:\/\/schema.org","@graph":[{"@type":"Article","@id":"https:\/\/www.blagroep.nl\/hu\/vallalkozas-inditasa-hollandiaban-1-resz\/#article","isPartOf":{"@id":"https:\/\/www.blagroep.nl\/hu\/vallalkozas-inditasa-hollandiaban-1-resz\/"},"author":{"name":"Webmaster","@id":"https:\/\/www.blagroep.nl\/hu\/#\/schema\/person\/47a0fa6b1c5f9e73e60d901a26ba16dc"},"headline":"V\u00e1llalkoz\u00e1s ind\u00edt\u00e1sa Hollandi\u00e1ban \u2013 1. r\u00e9sz","datePublished":"2022-06-17T10:21:29+00:00","dateModified":"2023-06-08T03:21:58+00:00","mainEntityOfPage":{"@id":"https:\/\/www.blagroep.nl\/hu\/vallalkozas-inditasa-hollandiaban-1-resz\/"},"wordCount":639,"commentCount":0,"publisher":{"@id":"https:\/\/www.blagroep.nl\/hu\/#organization"},"image":{"@id":"https:\/\/www.blagroep.nl\/hu\/vallalkozas-inditasa-hollandiaban-1-resz\/#primaryimage"},"thumbnailUrl":"https:\/\/www.blagroep.nl\/wp-content\/uploads\/2022\/06\/building-gb0c873509_1280-1.jpg","articleSection":["Blog"],"inLanguage":"hu","potentialAction":[{"@type":"CommentAction","name":"Comment","target":["https:\/\/www.blagroep.nl\/hu\/vallalkozas-inditasa-hollandiaban-1-resz\/#respond"]}]},{"@type":"WebPage","@id":"https:\/\/www.blagroep.nl\/hu\/vallalkozas-inditasa-hollandiaban-1-resz\/","url":"https:\/\/www.blagroep.nl\/hu\/vallalkozas-inditasa-hollandiaban-1-resz\/","name":"V\u00e1llalkoz\u00e1s ind\u00edt\u00e1sa Hollandi\u00e1ban \u2013 1. r\u00e9sz - BLA Groep","isPartOf":{"@id":"https:\/\/www.blagroep.nl\/hu\/#website"},"primaryImageOfPage":{"@id":"https:\/\/www.blagroep.nl\/hu\/vallalkozas-inditasa-hollandiaban-1-resz\/#primaryimage"},"image":{"@id":"https:\/\/www.blagroep.nl\/hu\/vallalkozas-inditasa-hollandiaban-1-resz\/#primaryimage"},"thumbnailUrl":"https:\/\/www.blagroep.nl\/wp-content\/uploads\/2022\/06\/building-gb0c873509_1280-1.jpg","datePublished":"2022-06-17T10:21:29+00:00","dateModified":"2023-06-08T03:21:58+00:00","breadcrumb":{"@id":"https:\/\/www.blagroep.nl\/hu\/vallalkozas-inditasa-hollandiaban-1-resz\/#breadcrumb"},"inLanguage":"hu","potentialAction":[{"@type":"ReadAction","target":["https:\/\/www.blagroep.nl\/hu\/vallalkozas-inditasa-hollandiaban-1-resz\/"]}]},{"@type":"ImageObject","inLanguage":"hu","@id":"https:\/\/www.blagroep.nl\/hu\/vallalkozas-inditasa-hollandiaban-1-resz\/#primaryimage","url":"https:\/\/www.blagroep.nl\/wp-content\/uploads\/2022\/06\/building-gb0c873509_1280-1.jpg","contentUrl":"https:\/\/www.blagroep.nl\/wp-content\/uploads\/2022\/06\/building-gb0c873509_1280-1.jpg","width":1280,"height":853,"caption":"Starting a business in the Netherlands"},{"@type":"BreadcrumbList","@id":"https:\/\/www.blagroep.nl\/hu\/vallalkozas-inditasa-hollandiaban-1-resz\/#breadcrumb","itemListElement":[{"@type":"ListItem","position":1,"name":"Home","item":"https:\/\/www.blagroep.nl\/hu\/"},{"@type":"ListItem","position":2,"name":"V\u00e1llalkoz\u00e1s ind\u00edt\u00e1sa Hollandi\u00e1ban \u2013 1. r\u00e9sz"}]},{"@type":"WebSite","@id":"https:\/\/www.blagroep.nl\/hu\/#website","url":"https:\/\/www.blagroep.nl\/hu\/","name":"BLA Groep","description":"Boekhouding, Loonadministratie en Advies","publisher":{"@id":"https:\/\/www.blagroep.nl\/hu\/#organization"},"potentialAction":[{"@type":"SearchAction","target":{"@type":"EntryPoint","urlTemplate":"https:\/\/www.blagroep.nl\/hu\/?s={search_term_string}"},"query-input":{"@type":"PropertyValueSpecification","valueRequired":true,"valueName":"search_term_string"}}],"inLanguage":"hu"},{"@type":"Organization","@id":"https:\/\/www.blagroep.nl\/hu\/#organization","name":"BLA Groep","url":"https:\/\/www.blagroep.nl\/hu\/","logo":{"@type":"ImageObject","inLanguage":"hu","@id":"https:\/\/www.blagroep.nl\/hu\/#\/schema\/logo\/image\/","url":"https:\/\/www.blagroep.nl\/wp-content\/uploads\/2022\/06\/blagroep-logo.png","contentUrl":"https:\/\/www.blagroep.nl\/wp-content\/uploads\/2022\/06\/blagroep-logo.png","width":410,"height":383,"caption":"BLA Groep"},"image":{"@id":"https:\/\/www.blagroep.nl\/hu\/#\/schema\/logo\/image\/"}},{"@type":"Person","@id":"https:\/\/www.blagroep.nl\/hu\/#\/schema\/person\/47a0fa6b1c5f9e73e60d901a26ba16dc","name":"Webmaster","image":{"@type":"ImageObject","inLanguage":"hu","@id":"https:\/\/www.blagroep.nl\/hu\/#\/schema\/person\/image\/","url":"https:\/\/secure.gravatar.com\/avatar\/2fed7c26755e65e495ecd4945cdefc2045e96c11169214b6792b4c4a8b380699?s=96&d=mm&r=g","contentUrl":"https:\/\/secure.gravatar.com\/avatar\/2fed7c26755e65e495ecd4945cdefc2045e96c11169214b6792b4c4a8b380699?s=96&d=mm&r=g","caption":"Webmaster"},"sameAs":["https:\/\/www.blagroep.nl"],"url":"https:\/\/www.blagroep.nl\/hu\/author\/admin\/"}]}},"_links":{"self":[{"href":"https:\/\/www.blagroep.nl\/hu\/wp-json\/wp\/v2\/posts\/307","targetHints":{"allow":["GET"]}}],"collection":[{"href":"https:\/\/www.blagroep.nl\/hu\/wp-json\/wp\/v2\/posts"}],"about":[{"href":"https:\/\/www.blagroep.nl\/hu\/wp-json\/wp\/v2\/types\/post"}],"author":[{"embeddable":true,"href":"https:\/\/www.blagroep.nl\/hu\/wp-json\/wp\/v2\/users\/1"}],"replies":[{"embeddable":true,"href":"https:\/\/www.blagroep.nl\/hu\/wp-json\/wp\/v2\/comments?post=307"}],"version-history":[{"count":0,"href":"https:\/\/www.blagroep.nl\/hu\/wp-json\/wp\/v2\/posts\/307\/revisions"}],"wp:featuredmedia":[{"embeddable":true,"href":"https:\/\/www.blagroep.nl\/hu\/wp-json\/wp\/v2\/media\/1440"}],"wp:attachment":[{"href":"https:\/\/www.blagroep.nl\/hu\/wp-json\/wp\/v2\/media?parent=307"}],"wp:term":[{"taxonomy":"category","embeddable":true,"href":"https:\/\/www.blagroep.nl\/hu\/wp-json\/wp\/v2\/categories?post=307"},{"taxonomy":"post_tag","embeddable":true,"href":"https:\/\/www.blagroep.nl\/hu\/wp-json\/wp\/v2\/tags?post=307"}],"curies":[{"name":"wp","href":"https:\/\/api.w.org\/{rel}","templated":true}]}}