
{"id":4295,"date":"2024-08-19T10:00:16","date_gmt":"2024-08-19T08:00:16","guid":{"rendered":"https:\/\/www.blagroep.nl\/?p=4295"},"modified":"2024-07-19T14:23:24","modified_gmt":"2024-07-19T12:23:24","slug":"vallalkozas-inditasa-hollandiaban-iv","status":"publish","type":"post","link":"https:\/\/www.blagroep.nl\/hu\/vallalkozas-inditasa-hollandiaban-iv\/","title":{"rendered":"V\u00e1llalkoz\u00e1s ind\u00edt\u00e1sa Hollandi\u00e1ban IV"},"content":{"rendered":"<div class=\"xdj266r x11i5rnm xat24cr x1mh8g0r x1vvkbs x126k92a\">\n<div dir=\"auto\"><strong><span style=\"text-decoration: underline;\">A c\u00e9g adminisztr\u00e1ci\u00f3ja, k\u00f6nyvel\u00e9s<\/span><\/strong><\/div>\n<\/div>\n<div class=\"x11i5rnm xat24cr x1mh8g0r x1vvkbs xtlvy1s x126k92a\">\n<div dir=\"auto\">V\u00e1llalkoz\u00e1s\u00e1nak k\u00f6telez\u0151 pontos adminisztr\u00e1ci\u00f3t vezetni tev\u00e9kenys\u00e9geir\u0151l. Visszamen\u0151legesen 7 \u00e9vig kell a nyilv\u00e1ntart\u00e1sait megtartania: vagy pap\u00edron vagy elektronikusan minden feljegyz\u00e9st, \u00fczleti pap\u00edrt meg kell \u0151riznie, \u00fagy mint p\u00e9nzt\u00e1rk\u00f6nyvek, sz\u00e1ml\u00e1k, beszerz\u00e9sek, bankkivonatok, szerz\u0151d\u00e9sek \u00e9s minden egy\u00e9b dokumentum, szoftver, adatb\u00e1zis, ami a v\u00e1llalkoz\u00e1s\u00e1val kapcsolatos. A c\u00e9ge adminisztr\u00e1ci\u00f3j\u00e1ban azt is pontosan fel kell tudnia t\u00fcntetnie, hogy mennyi forgalmi ad\u00f3t kell fizetnie \u00e9s mennyit fizetett az ad\u00f3hat\u00f3s\u00e1goknak. A k\u00f6vetkez\u0151 dokumentumokat ez\u00e9rt szint\u00e9n fontos meg\u0151riznie 7 \u00e9vre visszamen\u0151legesen:<\/div>\n<\/div>\n<div class=\"x11i5rnm xat24cr x1mh8g0r x1vvkbs xtlvy1s x126k92a\">\n<div dir=\"auto\">\u2022 Ki\u00e1ll\u00edtott sz\u00e1ml\u00e1k<\/div>\n<div dir=\"auto\">\u2022 Fizetend\u0151 sz\u00e1ml\u00e1k<\/div>\n<div dir=\"auto\">\u2022 V\u00e1llalkoz\u00e1s kiad\u00e1sai<\/div>\n<div dir=\"auto\">\u2022 J\u00f6vedelem<\/div>\n<div dir=\"auto\">\u2022 A v\u00e1llalkoz\u00e1s \u00e1rucikkei \u00e9s szolg\u00e1ltat\u00e1sainak mag\u00e1nc\u00e9l\u00fa haszn\u00e1lata<\/div>\n<\/div>\n<div class=\"x11i5rnm xat24cr x1mh8g0r x1vvkbs xtlvy1s x126k92a\">\n<div dir=\"auto\">\nKi\u00e1ll\u00edtott sz\u00e1ml\u00e1it folyamatosan sz\u00e1moznia kell, \u00e9s a k\u00f6vetkez\u0151 adatoknak szerepelnie kell rajtuk:<\/div>\n<\/div>\n<div class=\"x11i5rnm xat24cr x1mh8g0r x1vvkbs xtlvy1s x126k92a\">\n<div dir=\"auto\">\u2022 D\u00e1tum \u00e9s sz\u00e1mlasz\u00e1m<\/div>\n<div dir=\"auto\">\u2022 A vev\u0151 neve \u00e9s c\u00edme (ha m\u00e1s EU-s orsz\u00e1gb\u00f3l sz\u00e1rmaz\u00f3 az \u00fczleti partner akkor a partner ad\u00f3sz\u00e1ma)<\/div>\n<div dir=\"auto\">\u2022 A sz\u00e1ll\u00edtott \u00e1r\u00fa megnevez\u00e9se, mennyis\u00e9ge \u00e9s le\u00edr\u00e1sa<\/div>\n<div dir=\"auto\">\u2022 Az \u00e1rucikk \u00e1ra forgalmi ad\u00f3 n\u00e9lk\u00fcl<\/div>\n<div dir=\"auto\">\u2022 A forgalmi ad\u00f3 m\u00e9rt\u00e9ke<\/div>\n<\/div>\n<div class=\"x11i5rnm xat24cr x1mh8g0r x1vvkbs xtlvy1s x126k92a\">\n<div dir=\"auto\">\nSz\u00e1ml\u00e1z\u00e1si k\u00f6vetelm\u00e9nyek<\/div>\n<\/div>\n<div class=\"x11i5rnm xat24cr x1mh8g0r x1vvkbs xtlvy1s x126k92a\">\n<div dir=\"auto\">\u2022 Ha szolg\u00e1ltat\u00e1st vesz ig\u00e9nybe vagy \u00e1rut v\u00e1s\u00e1rol, sz\u00e1ml\u00e1t fog kapni a besz\u00e1ll\u00edt\u00f3j\u00e1t\u00f3l. Ennek a sz\u00e1ml\u00e1nak t\u00f6bb k\u00f6vetelm\u00e9nynek is meg kell felelnie.<\/div>\n<\/div>\n<div class=\"x11i5rnm xat24cr x1mh8g0r x1vvkbs xtlvy1s x126k92a\">\n<div dir=\"auto\">\nA sz\u00e1ml\u00e1n a k\u00f6vetkez\u0151 adatoknak kell szerepelnie:<\/div>\n<\/div>\n<div class=\"x11i5rnm xat24cr x1mh8g0r x1vvkbs xtlvy1s x126k92a\">\n<div dir=\"auto\">\u2022 A besz\u00e1ll\u00edt\u00f3\/elad\u00f3 neve \u00e9s c\u00edme<\/div>\n<div dir=\"auto\">\u2022 Az elad\u00f3 ad\u00f3azonos\u00edt\u00f3 sz\u00e1ma (btw nummer)<\/div>\n<div dir=\"auto\">\u2022 Az \u00f6n neve \u00e9s c\u00edme<\/div>\n<div dir=\"auto\">\u2022 Sz\u00e1mla neve<\/div>\n<div dir=\"auto\">\u2022 Sz\u00e1mla ki\u00e1ll\u00edt\u00e1s\u00e1nak d\u00e1tuma<\/div>\n<div dir=\"auto\">\u2022 A term\u00e9kek lesz\u00e1ll\u00edt\u00e1s\u00e1nak vagy a szolg\u00e1ltat\u00e1s teljes\u00edt\u00e9s\u00e9nek id\u0151pontja<\/div>\n<div dir=\"auto\">\u2022 A lesz\u00e1ll\u00edtott term\u00e9kek t\u00edpusa, mennyis\u00e9ge \u00e9s min\u0151s\u00e9gi megjel\u00f6l\u00e9se<\/div>\n<div dir=\"auto\">\u2022 A teljes\u00edtett szolg\u00e1ltat\u00e1s term\u00e9szete \u00e9s t\u00edpusa<\/div>\n<\/div>\n<div class=\"x11i5rnm xat24cr x1mh8g0r x1vvkbs xtlvy1s x126k92a\">\n<div dir=\"auto\">\nA k\u00f6vetkez\u0151 adatokat szint\u00e9n fel kell t\u00fcntetni a sz\u00e1ml\u00e1n:<\/div>\n<\/div>\n<div class=\"x11i5rnm xat24cr x1mh8g0r x1vvkbs xtlvy1s x126k92a\">\n<div dir=\"auto\">\u2022 Darab \u00e1r\/egys\u00e9g \u00e1r, forgalmi ad\u00f3 (btw) n\u00e9lk\u00fcl<\/div>\n<div dir=\"auto\">\u2022 Kedvezm\u00e9nyek, levon\u00e1sok, amelyek nincsenek benne az \u00e1rban<\/div>\n<div dir=\"auto\">\u2022 Forgalmi ad\u00f3 (btw) sz\u00e1zal\u00e9ka<\/div>\n<div dir=\"auto\">\u2022 Teljes \u00e1r, forgalmi ad\u00f3 n\u00e9lk\u00fcl<\/div>\n<div dir=\"auto\">\u2022 R\u00e1terhelt forgalmi ad\u00f3 m\u00e9rt\u00e9ke<\/div>\n<div dir=\"auto\">\u2022 A fizet\u00e9si ideje, amennyiben az nem esik egybe a sz\u00e1mla ki\u00e1ll\u00edt\u00e1s\u00e1nak id\u0151pontj\u00e1val<\/div>\n<\/div>\n<div class=\"x11i5rnm xat24cr x1mh8g0r x1vvkbs xtlvy1s x126k92a\">\n<div dir=\"auto\">\nN\u00e9h\u00e1ny esetben, \u00f6nnek, mint v\u00e1s\u00e1rl\u00f3nak is fel kell t\u00fcntetnie az ad\u00f3azonos\u00edt\u00f3j\u00e1t (btw nummer). Ez \u00e1ltal\u00e1ban akkor sz\u00fcks\u00e9ges, ha az \u00e1rukat EU-n bel\u00fcl export\u00e1lja.<\/div>\n<\/div>\n<div class=\"x11i5rnm xat24cr x1mh8g0r x1vvkbs xtlvy1s x126k92a\">\n<div dir=\"auto\">Tov\u00e1bb\u00e1 fel kell t\u00fcntetni, amennyiben k\u00fcl\u00f6nleges ad\u00f3z\u00e1si szab\u00e1lyok al\u00e1 esik az elad\u00e1s.<\/div>\n<\/div>\n","protected":false},"excerpt":{"rendered":"<p>A c\u00e9g adminisztr\u00e1ci\u00f3ja, k\u00f6nyvel\u00e9s V\u00e1llalkoz\u00e1s\u00e1nak k\u00f6telez\u0151 pontos adminisztr\u00e1ci\u00f3t vezetni tev\u00e9kenys\u00e9geir\u0151l. Visszamen\u0151legesen 7 \u00e9vig kell a nyilv\u00e1ntart\u00e1sait megtartania: vagy pap\u00edron vagy [&hellip;]<\/p>\n","protected":false},"author":1,"featured_media":4296,"comment_status":"open","ping_status":"open","sticky":false,"template":"","format":"standard","meta":{"_acf_changed":false,"footnotes":""},"categories":[40],"tags":[],"class_list":["post-4295","post","type-post","status-publish","format-standard","has-post-thumbnail","hentry","category-blog"],"acf":[],"yoast_head":"<!-- This site is optimized with the Yoast SEO plugin v25.1 - https:\/\/yoast.com\/wordpress\/plugins\/seo\/ -->\n<title>V\u00e1llalkoz\u00e1s ind\u00edt\u00e1sa Hollandi\u00e1ban IV - BLA Groep<\/title>\n<meta name=\"robots\" content=\"index, follow, max-snippet:-1, max-image-preview:large, max-video-preview:-1\" \/>\n<link rel=\"canonical\" href=\"https:\/\/www.blagroep.nl\/hu\/vallalkozas-inditasa-hollandiaban-iv\/\" \/>\n<meta property=\"og:locale\" content=\"hu_HU\" \/>\n<meta property=\"og:type\" content=\"article\" \/>\n<meta property=\"og:title\" content=\"V\u00e1llalkoz\u00e1s ind\u00edt\u00e1sa Hollandi\u00e1ban IV - BLA Groep\" \/>\n<meta property=\"og:description\" content=\"A c\u00e9g adminisztr\u00e1ci\u00f3ja, k\u00f6nyvel\u00e9s V\u00e1llalkoz\u00e1s\u00e1nak k\u00f6telez\u0151 pontos adminisztr\u00e1ci\u00f3t vezetni tev\u00e9kenys\u00e9geir\u0151l. Visszamen\u0151legesen 7 \u00e9vig kell a nyilv\u00e1ntart\u00e1sait megtartania: vagy pap\u00edron vagy [&hellip;]\" \/>\n<meta property=\"og:url\" content=\"https:\/\/www.blagroep.nl\/hu\/vallalkozas-inditasa-hollandiaban-iv\/\" \/>\n<meta property=\"og:site_name\" content=\"BLA Groep\" \/>\n<meta property=\"article:published_time\" content=\"2024-08-19T08:00:16+00:00\" \/>\n<meta property=\"og:image\" content=\"https:\/\/www.blagroep.nl\/wp-content\/uploads\/2024\/07\/408768891_851936443599795_6293586055966320047_n.jpg\" \/>\n\t<meta property=\"og:image:width\" content=\"600\" \/>\n\t<meta property=\"og:image:height\" content=\"503\" \/>\n\t<meta property=\"og:image:type\" content=\"image\/jpeg\" \/>\n<meta name=\"author\" content=\"Webmaster\" \/>\n<meta name=\"twitter:card\" content=\"summary_large_image\" \/>\n<meta name=\"twitter:label1\" content=\"Szerz\u0151:\" \/>\n\t<meta name=\"twitter:data1\" content=\"Webmaster\" \/>\n\t<meta name=\"twitter:label2\" content=\"Becs\u00fclt olvas\u00e1si id\u0151\" \/>\n\t<meta name=\"twitter:data2\" content=\"2 perc\" \/>\n<script type=\"application\/ld+json\" class=\"yoast-schema-graph\">{\"@context\":\"https:\/\/schema.org\",\"@graph\":[{\"@type\":\"Article\",\"@id\":\"https:\/\/www.blagroep.nl\/hu\/vallalkozas-inditasa-hollandiaban-iv\/#article\",\"isPartOf\":{\"@id\":\"https:\/\/www.blagroep.nl\/hu\/vallalkozas-inditasa-hollandiaban-iv\/\"},\"author\":{\"name\":\"Webmaster\",\"@id\":\"https:\/\/www.blagroep.nl\/hu\/#\/schema\/person\/47a0fa6b1c5f9e73e60d901a26ba16dc\"},\"headline\":\"V\u00e1llalkoz\u00e1s ind\u00edt\u00e1sa Hollandi\u00e1ban IV\",\"datePublished\":\"2024-08-19T08:00:16+00:00\",\"mainEntityOfPage\":{\"@id\":\"https:\/\/www.blagroep.nl\/hu\/vallalkozas-inditasa-hollandiaban-iv\/\"},\"wordCount\":506,\"commentCount\":0,\"publisher\":{\"@id\":\"https:\/\/www.blagroep.nl\/hu\/#organization\"},\"image\":{\"@id\":\"https:\/\/www.blagroep.nl\/hu\/vallalkozas-inditasa-hollandiaban-iv\/#primaryimage\"},\"thumbnailUrl\":\"https:\/\/www.blagroep.nl\/wp-content\/uploads\/2024\/07\/408768891_851936443599795_6293586055966320047_n.jpg\",\"articleSection\":[\"Blog\"],\"inLanguage\":\"hu\",\"potentialAction\":[{\"@type\":\"CommentAction\",\"name\":\"Comment\",\"target\":[\"https:\/\/www.blagroep.nl\/hu\/vallalkozas-inditasa-hollandiaban-iv\/#respond\"]}]},{\"@type\":\"WebPage\",\"@id\":\"https:\/\/www.blagroep.nl\/hu\/vallalkozas-inditasa-hollandiaban-iv\/\",\"url\":\"https:\/\/www.blagroep.nl\/hu\/vallalkozas-inditasa-hollandiaban-iv\/\",\"name\":\"V\u00e1llalkoz\u00e1s ind\u00edt\u00e1sa Hollandi\u00e1ban IV - BLA Groep\",\"isPartOf\":{\"@id\":\"https:\/\/www.blagroep.nl\/hu\/#website\"},\"primaryImageOfPage\":{\"@id\":\"https:\/\/www.blagroep.nl\/hu\/vallalkozas-inditasa-hollandiaban-iv\/#primaryimage\"},\"image\":{\"@id\":\"https:\/\/www.blagroep.nl\/hu\/vallalkozas-inditasa-hollandiaban-iv\/#primaryimage\"},\"thumbnailUrl\":\"https:\/\/www.blagroep.nl\/wp-content\/uploads\/2024\/07\/408768891_851936443599795_6293586055966320047_n.jpg\",\"datePublished\":\"2024-08-19T08:00:16+00:00\",\"breadcrumb\":{\"@id\":\"https:\/\/www.blagroep.nl\/hu\/vallalkozas-inditasa-hollandiaban-iv\/#breadcrumb\"},\"inLanguage\":\"hu\",\"potentialAction\":[{\"@type\":\"ReadAction\",\"target\":[\"https:\/\/www.blagroep.nl\/hu\/vallalkozas-inditasa-hollandiaban-iv\/\"]}]},{\"@type\":\"ImageObject\",\"inLanguage\":\"hu\",\"@id\":\"https:\/\/www.blagroep.nl\/hu\/vallalkozas-inditasa-hollandiaban-iv\/#primaryimage\",\"url\":\"https:\/\/www.blagroep.nl\/wp-content\/uploads\/2024\/07\/408768891_851936443599795_6293586055966320047_n.jpg\",\"contentUrl\":\"https:\/\/www.blagroep.nl\/wp-content\/uploads\/2024\/07\/408768891_851936443599795_6293586055966320047_n.jpg\",\"width\":600,\"height\":503},{\"@type\":\"BreadcrumbList\",\"@id\":\"https:\/\/www.blagroep.nl\/hu\/vallalkozas-inditasa-hollandiaban-iv\/#breadcrumb\",\"itemListElement\":[{\"@type\":\"ListItem\",\"position\":1,\"name\":\"Home\",\"item\":\"https:\/\/www.blagroep.nl\/hu\/\"},{\"@type\":\"ListItem\",\"position\":2,\"name\":\"V\u00e1llalkoz\u00e1s ind\u00edt\u00e1sa Hollandi\u00e1ban IV\"}]},{\"@type\":\"WebSite\",\"@id\":\"https:\/\/www.blagroep.nl\/hu\/#website\",\"url\":\"https:\/\/www.blagroep.nl\/hu\/\",\"name\":\"BLA Groep\",\"description\":\"Boekhouding, Loonadministratie en Advies\",\"publisher\":{\"@id\":\"https:\/\/www.blagroep.nl\/hu\/#organization\"},\"potentialAction\":[{\"@type\":\"SearchAction\",\"target\":{\"@type\":\"EntryPoint\",\"urlTemplate\":\"https:\/\/www.blagroep.nl\/hu\/?s={search_term_string}\"},\"query-input\":{\"@type\":\"PropertyValueSpecification\",\"valueRequired\":true,\"valueName\":\"search_term_string\"}}],\"inLanguage\":\"hu\"},{\"@type\":\"Organization\",\"@id\":\"https:\/\/www.blagroep.nl\/hu\/#organization\",\"name\":\"BLA Groep\",\"url\":\"https:\/\/www.blagroep.nl\/hu\/\",\"logo\":{\"@type\":\"ImageObject\",\"inLanguage\":\"hu\",\"@id\":\"https:\/\/www.blagroep.nl\/hu\/#\/schema\/logo\/image\/\",\"url\":\"https:\/\/www.blagroep.nl\/wp-content\/uploads\/2022\/06\/blagroep-logo.png\",\"contentUrl\":\"https:\/\/www.blagroep.nl\/wp-content\/uploads\/2022\/06\/blagroep-logo.png\",\"width\":410,\"height\":383,\"caption\":\"BLA Groep\"},\"image\":{\"@id\":\"https:\/\/www.blagroep.nl\/hu\/#\/schema\/logo\/image\/\"}},{\"@type\":\"Person\",\"@id\":\"https:\/\/www.blagroep.nl\/hu\/#\/schema\/person\/47a0fa6b1c5f9e73e60d901a26ba16dc\",\"name\":\"Webmaster\",\"image\":{\"@type\":\"ImageObject\",\"inLanguage\":\"hu\",\"@id\":\"https:\/\/www.blagroep.nl\/hu\/#\/schema\/person\/image\/\",\"url\":\"https:\/\/secure.gravatar.com\/avatar\/2fed7c26755e65e495ecd4945cdefc2045e96c11169214b6792b4c4a8b380699?s=96&d=mm&r=g\",\"contentUrl\":\"https:\/\/secure.gravatar.com\/avatar\/2fed7c26755e65e495ecd4945cdefc2045e96c11169214b6792b4c4a8b380699?s=96&d=mm&r=g\",\"caption\":\"Webmaster\"},\"sameAs\":[\"https:\/\/www.blagroep.nl\"],\"url\":\"https:\/\/www.blagroep.nl\/hu\/author\/admin\/\"}]}<\/script>\n<!-- \/ Yoast SEO plugin. -->","yoast_head_json":{"title":"V\u00e1llalkoz\u00e1s ind\u00edt\u00e1sa Hollandi\u00e1ban IV - BLA Groep","robots":{"index":"index","follow":"follow","max-snippet":"max-snippet:-1","max-image-preview":"max-image-preview:large","max-video-preview":"max-video-preview:-1"},"canonical":"https:\/\/www.blagroep.nl\/hu\/vallalkozas-inditasa-hollandiaban-iv\/","og_locale":"hu_HU","og_type":"article","og_title":"V\u00e1llalkoz\u00e1s ind\u00edt\u00e1sa Hollandi\u00e1ban IV - BLA Groep","og_description":"A c\u00e9g adminisztr\u00e1ci\u00f3ja, k\u00f6nyvel\u00e9s V\u00e1llalkoz\u00e1s\u00e1nak k\u00f6telez\u0151 pontos adminisztr\u00e1ci\u00f3t vezetni tev\u00e9kenys\u00e9geir\u0151l. Visszamen\u0151legesen 7 \u00e9vig kell a nyilv\u00e1ntart\u00e1sait megtartania: vagy pap\u00edron vagy [&hellip;]","og_url":"https:\/\/www.blagroep.nl\/hu\/vallalkozas-inditasa-hollandiaban-iv\/","og_site_name":"BLA Groep","article_published_time":"2024-08-19T08:00:16+00:00","og_image":[{"width":600,"height":503,"url":"https:\/\/www.blagroep.nl\/wp-content\/uploads\/2024\/07\/408768891_851936443599795_6293586055966320047_n.jpg","type":"image\/jpeg"}],"author":"Webmaster","twitter_card":"summary_large_image","twitter_misc":{"Szerz\u0151:":"Webmaster","Becs\u00fclt olvas\u00e1si id\u0151":"2 perc"},"schema":{"@context":"https:\/\/schema.org","@graph":[{"@type":"Article","@id":"https:\/\/www.blagroep.nl\/hu\/vallalkozas-inditasa-hollandiaban-iv\/#article","isPartOf":{"@id":"https:\/\/www.blagroep.nl\/hu\/vallalkozas-inditasa-hollandiaban-iv\/"},"author":{"name":"Webmaster","@id":"https:\/\/www.blagroep.nl\/hu\/#\/schema\/person\/47a0fa6b1c5f9e73e60d901a26ba16dc"},"headline":"V\u00e1llalkoz\u00e1s ind\u00edt\u00e1sa Hollandi\u00e1ban IV","datePublished":"2024-08-19T08:00:16+00:00","mainEntityOfPage":{"@id":"https:\/\/www.blagroep.nl\/hu\/vallalkozas-inditasa-hollandiaban-iv\/"},"wordCount":506,"commentCount":0,"publisher":{"@id":"https:\/\/www.blagroep.nl\/hu\/#organization"},"image":{"@id":"https:\/\/www.blagroep.nl\/hu\/vallalkozas-inditasa-hollandiaban-iv\/#primaryimage"},"thumbnailUrl":"https:\/\/www.blagroep.nl\/wp-content\/uploads\/2024\/07\/408768891_851936443599795_6293586055966320047_n.jpg","articleSection":["Blog"],"inLanguage":"hu","potentialAction":[{"@type":"CommentAction","name":"Comment","target":["https:\/\/www.blagroep.nl\/hu\/vallalkozas-inditasa-hollandiaban-iv\/#respond"]}]},{"@type":"WebPage","@id":"https:\/\/www.blagroep.nl\/hu\/vallalkozas-inditasa-hollandiaban-iv\/","url":"https:\/\/www.blagroep.nl\/hu\/vallalkozas-inditasa-hollandiaban-iv\/","name":"V\u00e1llalkoz\u00e1s ind\u00edt\u00e1sa Hollandi\u00e1ban IV - BLA Groep","isPartOf":{"@id":"https:\/\/www.blagroep.nl\/hu\/#website"},"primaryImageOfPage":{"@id":"https:\/\/www.blagroep.nl\/hu\/vallalkozas-inditasa-hollandiaban-iv\/#primaryimage"},"image":{"@id":"https:\/\/www.blagroep.nl\/hu\/vallalkozas-inditasa-hollandiaban-iv\/#primaryimage"},"thumbnailUrl":"https:\/\/www.blagroep.nl\/wp-content\/uploads\/2024\/07\/408768891_851936443599795_6293586055966320047_n.jpg","datePublished":"2024-08-19T08:00:16+00:00","breadcrumb":{"@id":"https:\/\/www.blagroep.nl\/hu\/vallalkozas-inditasa-hollandiaban-iv\/#breadcrumb"},"inLanguage":"hu","potentialAction":[{"@type":"ReadAction","target":["https:\/\/www.blagroep.nl\/hu\/vallalkozas-inditasa-hollandiaban-iv\/"]}]},{"@type":"ImageObject","inLanguage":"hu","@id":"https:\/\/www.blagroep.nl\/hu\/vallalkozas-inditasa-hollandiaban-iv\/#primaryimage","url":"https:\/\/www.blagroep.nl\/wp-content\/uploads\/2024\/07\/408768891_851936443599795_6293586055966320047_n.jpg","contentUrl":"https:\/\/www.blagroep.nl\/wp-content\/uploads\/2024\/07\/408768891_851936443599795_6293586055966320047_n.jpg","width":600,"height":503},{"@type":"BreadcrumbList","@id":"https:\/\/www.blagroep.nl\/hu\/vallalkozas-inditasa-hollandiaban-iv\/#breadcrumb","itemListElement":[{"@type":"ListItem","position":1,"name":"Home","item":"https:\/\/www.blagroep.nl\/hu\/"},{"@type":"ListItem","position":2,"name":"V\u00e1llalkoz\u00e1s ind\u00edt\u00e1sa Hollandi\u00e1ban IV"}]},{"@type":"WebSite","@id":"https:\/\/www.blagroep.nl\/hu\/#website","url":"https:\/\/www.blagroep.nl\/hu\/","name":"BLA Groep","description":"Boekhouding, Loonadministratie en Advies","publisher":{"@id":"https:\/\/www.blagroep.nl\/hu\/#organization"},"potentialAction":[{"@type":"SearchAction","target":{"@type":"EntryPoint","urlTemplate":"https:\/\/www.blagroep.nl\/hu\/?s={search_term_string}"},"query-input":{"@type":"PropertyValueSpecification","valueRequired":true,"valueName":"search_term_string"}}],"inLanguage":"hu"},{"@type":"Organization","@id":"https:\/\/www.blagroep.nl\/hu\/#organization","name":"BLA Groep","url":"https:\/\/www.blagroep.nl\/hu\/","logo":{"@type":"ImageObject","inLanguage":"hu","@id":"https:\/\/www.blagroep.nl\/hu\/#\/schema\/logo\/image\/","url":"https:\/\/www.blagroep.nl\/wp-content\/uploads\/2022\/06\/blagroep-logo.png","contentUrl":"https:\/\/www.blagroep.nl\/wp-content\/uploads\/2022\/06\/blagroep-logo.png","width":410,"height":383,"caption":"BLA Groep"},"image":{"@id":"https:\/\/www.blagroep.nl\/hu\/#\/schema\/logo\/image\/"}},{"@type":"Person","@id":"https:\/\/www.blagroep.nl\/hu\/#\/schema\/person\/47a0fa6b1c5f9e73e60d901a26ba16dc","name":"Webmaster","image":{"@type":"ImageObject","inLanguage":"hu","@id":"https:\/\/www.blagroep.nl\/hu\/#\/schema\/person\/image\/","url":"https:\/\/secure.gravatar.com\/avatar\/2fed7c26755e65e495ecd4945cdefc2045e96c11169214b6792b4c4a8b380699?s=96&d=mm&r=g","contentUrl":"https:\/\/secure.gravatar.com\/avatar\/2fed7c26755e65e495ecd4945cdefc2045e96c11169214b6792b4c4a8b380699?s=96&d=mm&r=g","caption":"Webmaster"},"sameAs":["https:\/\/www.blagroep.nl"],"url":"https:\/\/www.blagroep.nl\/hu\/author\/admin\/"}]}},"_links":{"self":[{"href":"https:\/\/www.blagroep.nl\/hu\/wp-json\/wp\/v2\/posts\/4295","targetHints":{"allow":["GET"]}}],"collection":[{"href":"https:\/\/www.blagroep.nl\/hu\/wp-json\/wp\/v2\/posts"}],"about":[{"href":"https:\/\/www.blagroep.nl\/hu\/wp-json\/wp\/v2\/types\/post"}],"author":[{"embeddable":true,"href":"https:\/\/www.blagroep.nl\/hu\/wp-json\/wp\/v2\/users\/1"}],"replies":[{"embeddable":true,"href":"https:\/\/www.blagroep.nl\/hu\/wp-json\/wp\/v2\/comments?post=4295"}],"version-history":[{"count":0,"href":"https:\/\/www.blagroep.nl\/hu\/wp-json\/wp\/v2\/posts\/4295\/revisions"}],"wp:featuredmedia":[{"embeddable":true,"href":"https:\/\/www.blagroep.nl\/hu\/wp-json\/wp\/v2\/media\/4296"}],"wp:attachment":[{"href":"https:\/\/www.blagroep.nl\/hu\/wp-json\/wp\/v2\/media?parent=4295"}],"wp:term":[{"taxonomy":"category","embeddable":true,"href":"https:\/\/www.blagroep.nl\/hu\/wp-json\/wp\/v2\/categories?post=4295"},{"taxonomy":"post_tag","embeddable":true,"href":"https:\/\/www.blagroep.nl\/hu\/wp-json\/wp\/v2\/tags?post=4295"}],"curies":[{"name":"wp","href":"https:\/\/api.w.org\/{rel}","templated":true}]}}