
{"id":4338,"date":"2024-09-19T10:00:26","date_gmt":"2024-09-19T08:00:26","guid":{"rendered":"https:\/\/www.blagroep.nl\/?p=4338"},"modified":"2024-07-19T15:34:04","modified_gmt":"2024-07-19T13:34:04","slug":"munkanelkuli-segely-hollandiaban","status":"publish","type":"post","link":"https:\/\/www.blagroep.nl\/hu\/munkanelkuli-segely-hollandiaban\/","title":{"rendered":"Munkan\u00e9lk\u00fcli Seg\u00e9ly Hollandi\u00e1ban"},"content":{"rendered":"<div class=\"xdj266r x11i5rnm xat24cr x1mh8g0r x1vvkbs x126k92a\">\n<div dir=\"auto\"><strong><span style=\"text-decoration: underline;\">Munkan\u00e9lk\u00fcli seg\u00e9ly<\/span><\/strong><\/div>\n<\/div>\n<div class=\"x11i5rnm xat24cr x1mh8g0r x1vvkbs xtlvy1s x126k92a\">\n<div dir=\"auto\">&#8211; Ki veheti ig\u00e9nybe a munkan\u00e9lk\u00fcli ell\u00e1t\u00e1st Hollandi\u00e1ban?<\/div>\n<div dir=\"auto\">Az veheti ig\u00e9nybe a munkan\u00e9lk\u00fcli ell\u00e1t\u00e1st Hollandi\u00e1ban, akinek az elm\u00falt 36 h\u00e9tben, legal\u00e1bb 26 ledolgozott hete van (a t\u00e1pp\u00e9nz nem sz\u00e1m\u00edt bele). Ha valaki egy h\u00e9ten csak egy napot dolgozott, az is egy ledolgozott h\u00e9tnek sz\u00e1m\u00edt. Ez esetben minimum 3 h\u00f3napon kereszt\u00fcl kaphat munkan\u00e9lk\u00fclit (ww-uitkering).<\/div>\n<\/div>\n<div class=\"x11i5rnm xat24cr x1mh8g0r x1vvkbs xtlvy1s x126k92a\">\n<div dir=\"auto\">\n&#8211; Hogyan tudom megig\u00e9nyelni?<\/div>\n<div dir=\"auto\">Ha rendelkezel holland regisztr\u00e1lt lakc\u00edmmel, akkor DigiD k\u00f3d seg\u00edts\u00e9g\u00e9vel online lehet ig\u00e9nyelni.<\/div>\n<div dir=\"auto\">Ha nincs regisztr\u00e1lt Holland lakc\u00edme, akkor szem\u00e9lyesen kell felkeresni a legk\u00f6zelebbi UWV irod\u00e1t, ott meg kell adni egy tart\u00f3zkod\u00e1si c\u00edmet, \u00e9s az UWV oda fogja post\u00e1zni egy h\u00e9ten bel\u00fcl az ig\u00e9nyl\u0151lapot.<\/div>\n<\/div>\n<div class=\"x11i5rnm xat24cr x1mh8g0r x1vvkbs xtlvy1s x126k92a\">\n<div dir=\"auto\">\n&#8211; Hogyan tov\u00e1bb?<\/div>\n<div dir=\"auto\">Ha valaki Hollandi\u00e1ban veszi ig\u00e9nybe a munkan\u00e9lk\u00fcli ell\u00e1t\u00e1st, annak Hollandi\u00e1ban kell tart\u00f3zkodni! Minden h\u00f3napban 4 db munkakeres\u00e9st kell r\u00f6gz\u00edteni az UWV rendszer\u00e9ben, \u00e9s minden h\u00f3nap elej\u00e9n ki kell t\u00f6lteni az UWV oldal\u00e1n a Inkomstenopgave formul\u00e1t (akinek nincs DigiD-je annak kik\u00fcldi ehhez a formanyomtatv\u00e1nyt az UWV post\u00e1n), amin nyilatkozni kell arr\u00f3l, hogy az el\u0151z\u0151 h\u00f3napban volt-e j\u00f6vedelmed. Ha nem volt, akkor null\u00e1san kell kit\u00f6lteni. Am\u00edg ez nem ker\u00fcl bek\u00fcld\u00e9sre, az UWV nem utalja a seg\u00e9lyt.<\/div>\n<\/div>\n<div class=\"x11i5rnm xat24cr x1mh8g0r x1vvkbs xtlvy1s x126k92a\">\n<div dir=\"auto\">\n&#8211; Hogyan tudok hazautazni?<\/div>\n<div dir=\"auto\">Aki munkan\u00e9lk\u00fcli annak is j\u00e1r szabads\u00e1g. Teh\u00e1t ha vak\u00e1ci\u00f3ra k\u00edv\u00e1nsz menni, akkor a Wijzigingsformulieren kell jelezni az UWV fel\u00e9. Ha nincs annyi vak\u00e1ci\u00f3s napod, amennyire el szeretn\u00e9l utazni, akkor is elutazhatsz, de azokra a napokra nem kapsz seg\u00e9lyt.<\/div>\n<\/div>\n<div class=\"x11i5rnm xat24cr x1mh8g0r x1vvkbs xtlvy1s x126k92a\">\n<div dir=\"auto\">\n&#8211; Mire haszn\u00e1lhat\u00f3 m\u00e9g a Wijzigignsformulier?<\/div>\n<div dir=\"auto\">Ha b\u00e1rmilyen v\u00e1ltoz\u00e1s \u00e1ll be az adataidban, akkor ezen a nyomtatv\u00e1nyon tudod jelezni az UWV fel\u00e9 (h\u00e1zass\u00e1gk\u00f6t\u00e9s, lakc\u00edmv\u00e1ltoz\u00e1s, telefonsz\u00e1m vagy banksz\u00e1mlasz\u00e1m v\u00e1ltoz\u00e1s). Valamint, ha munk\u00e1t tal\u00e1lsz, ak\u00e1r \u00e1lland\u00f3t, ak\u00e1r csak r\u00e9szmunkaid\u0151set, ezen tudod azt is jelezni az UWV fel\u00e9.<\/div>\n<\/div>\n<div class=\"x11i5rnm xat24cr x1mh8g0r x1vvkbs xtlvy1s x126k92a\">\n<div dir=\"auto\">\n&#8211; Mi a teend\u0151, ha te nem Hollandi\u00e1ban, hanem Magyarorsz\u00e1gon k\u00edv\u00e1nod ig\u00e9nybe venni a munkan\u00e9lk\u00fcli seg\u00e9lyt?<\/div>\n<div dir=\"auto\">K\u00e9t lehet\u0151s\u00e9g van:<\/div>\n<div dir=\"auto\">1. Elkezded a seg\u00e9ly ig\u00e9nyl\u00e9s\u00e9t Hollandi\u00e1ban, majd 4 h\u00e9t eltelt\u00e9vel lehet k\u00e9rni a seg\u00e9ly export\u00e1l\u00e1s\u00e1t az U2 (E303) nyomtatv\u00e1nnyal Magyarorsz\u00e1gra.<\/div>\n<div dir=\"auto\">2. Magyarorsz\u00e1gon kezded a munkan\u00e9lk\u00fcli int\u00e9z\u00e9s\u00e9t. A magyar jogszab\u00e1lyoknak megfelel\u0151en, \u00e9s term\u00e9szetesen a magyar munkan\u00e9lk\u00fcli j\u00e1rad\u00e9k \u00f6sszeg\u00e9nek megfelel\u0151en fogod kapni a seg\u00e9lyt. Ez esetben az U1-es (E301) formanyomtatv\u00e1ny ki\u00e1ll\u00edt\u00e1s\u00e1t lehet k\u00e9rni az UWV-t\u0151l, \u00e9s ezzel igazolni a Holland munkaviszonyodat.<\/div>\n<\/div>\n<div class=\"x11i5rnm xat24cr x1mh8g0r x1vvkbs xtlvy1s x126k92a\">\n<div dir=\"auto\">\nA cikk a teljess\u00e9g ig\u00e9nye n\u00e9lk\u00fcl \u00edr\u00f3dott. Csak az keressen minket munkan\u00e9lk\u00fcli \u00fcgyben, aki vel\u00fcnk k\u00edv\u00e1nja int\u00e9ztetni! Azok, akik nem rendelkeznek DigiD-vel, azoknak csak a m\u00e1r megkapott formanyomtatv\u00e1ny kit\u00f6lt\u00e9s\u00e9ben tudunk seg\u00edteni, de elmenni vel\u00fck szem\u00e9lyesen az UWV-hez nem tudunk!<\/div>\n<\/div>\n","protected":false},"excerpt":{"rendered":"<p>Munkan\u00e9lk\u00fcli seg\u00e9ly &#8211; Ki veheti ig\u00e9nybe a munkan\u00e9lk\u00fcli ell\u00e1t\u00e1st Hollandi\u00e1ban? Az veheti ig\u00e9nybe a munkan\u00e9lk\u00fcli ell\u00e1t\u00e1st Hollandi\u00e1ban, akinek az elm\u00falt [&hellip;]<\/p>\n","protected":false},"author":1,"featured_media":4339,"comment_status":"open","ping_status":"open","sticky":false,"template":"","format":"standard","meta":{"_acf_changed":false,"footnotes":""},"categories":[40],"tags":[],"class_list":["post-4338","post","type-post","status-publish","format-standard","has-post-thumbnail","hentry","category-blog"],"acf":[],"yoast_head":"<!-- This site is optimized with the Yoast SEO plugin v25.1 - https:\/\/yoast.com\/wordpress\/plugins\/seo\/ -->\n<title>Munkan\u00e9lk\u00fcli Seg\u00e9ly Hollandi\u00e1ban - BLA Groep<\/title>\n<meta name=\"robots\" content=\"index, follow, max-snippet:-1, max-image-preview:large, max-video-preview:-1\" \/>\n<link rel=\"canonical\" href=\"https:\/\/www.blagroep.nl\/hu\/munkanelkuli-segely-hollandiaban\/\" \/>\n<meta property=\"og:locale\" content=\"hu_HU\" \/>\n<meta property=\"og:type\" content=\"article\" \/>\n<meta property=\"og:title\" content=\"Munkan\u00e9lk\u00fcli Seg\u00e9ly Hollandi\u00e1ban - BLA Groep\" \/>\n<meta property=\"og:description\" content=\"Munkan\u00e9lk\u00fcli seg\u00e9ly &#8211; Ki veheti ig\u00e9nybe a munkan\u00e9lk\u00fcli ell\u00e1t\u00e1st Hollandi\u00e1ban? Az veheti ig\u00e9nybe a munkan\u00e9lk\u00fcli ell\u00e1t\u00e1st Hollandi\u00e1ban, akinek az elm\u00falt [&hellip;]\" \/>\n<meta property=\"og:url\" content=\"https:\/\/www.blagroep.nl\/hu\/munkanelkuli-segely-hollandiaban\/\" \/>\n<meta property=\"og:site_name\" content=\"BLA Groep\" \/>\n<meta property=\"article:published_time\" content=\"2024-09-19T08:00:26+00:00\" \/>\n<meta property=\"og:image\" content=\"https:\/\/www.blagroep.nl\/wp-content\/uploads\/2024\/07\/298119943_494449299348513_3574281189629913686_n.jpg\" \/>\n\t<meta property=\"og:image:width\" content=\"600\" \/>\n\t<meta property=\"og:image:height\" content=\"503\" \/>\n\t<meta property=\"og:image:type\" content=\"image\/jpeg\" \/>\n<meta name=\"author\" content=\"Webmaster\" \/>\n<meta name=\"twitter:card\" content=\"summary_large_image\" \/>\n<meta name=\"twitter:label1\" content=\"Szerz\u0151:\" \/>\n\t<meta name=\"twitter:data1\" content=\"Webmaster\" \/>\n\t<meta name=\"twitter:label2\" content=\"Becs\u00fclt olvas\u00e1si id\u0151\" \/>\n\t<meta name=\"twitter:data2\" content=\"3 perc\" \/>\n<script type=\"application\/ld+json\" class=\"yoast-schema-graph\">{\"@context\":\"https:\/\/schema.org\",\"@graph\":[{\"@type\":\"Article\",\"@id\":\"https:\/\/www.blagroep.nl\/hu\/munkanelkuli-segely-hollandiaban\/#article\",\"isPartOf\":{\"@id\":\"https:\/\/www.blagroep.nl\/hu\/munkanelkuli-segely-hollandiaban\/\"},\"author\":{\"name\":\"Webmaster\",\"@id\":\"https:\/\/www.blagroep.nl\/hu\/#\/schema\/person\/47a0fa6b1c5f9e73e60d901a26ba16dc\"},\"headline\":\"Munkan\u00e9lk\u00fcli Seg\u00e9ly Hollandi\u00e1ban\",\"datePublished\":\"2024-09-19T08:00:26+00:00\",\"mainEntityOfPage\":{\"@id\":\"https:\/\/www.blagroep.nl\/hu\/munkanelkuli-segely-hollandiaban\/\"},\"wordCount\":573,\"commentCount\":0,\"publisher\":{\"@id\":\"https:\/\/www.blagroep.nl\/hu\/#organization\"},\"image\":{\"@id\":\"https:\/\/www.blagroep.nl\/hu\/munkanelkuli-segely-hollandiaban\/#primaryimage\"},\"thumbnailUrl\":\"https:\/\/www.blagroep.nl\/wp-content\/uploads\/2024\/07\/298119943_494449299348513_3574281189629913686_n.jpg\",\"articleSection\":[\"Blog\"],\"inLanguage\":\"hu\",\"potentialAction\":[{\"@type\":\"CommentAction\",\"name\":\"Comment\",\"target\":[\"https:\/\/www.blagroep.nl\/hu\/munkanelkuli-segely-hollandiaban\/#respond\"]}]},{\"@type\":\"WebPage\",\"@id\":\"https:\/\/www.blagroep.nl\/hu\/munkanelkuli-segely-hollandiaban\/\",\"url\":\"https:\/\/www.blagroep.nl\/hu\/munkanelkuli-segely-hollandiaban\/\",\"name\":\"Munkan\u00e9lk\u00fcli Seg\u00e9ly Hollandi\u00e1ban - BLA Groep\",\"isPartOf\":{\"@id\":\"https:\/\/www.blagroep.nl\/hu\/#website\"},\"primaryImageOfPage\":{\"@id\":\"https:\/\/www.blagroep.nl\/hu\/munkanelkuli-segely-hollandiaban\/#primaryimage\"},\"image\":{\"@id\":\"https:\/\/www.blagroep.nl\/hu\/munkanelkuli-segely-hollandiaban\/#primaryimage\"},\"thumbnailUrl\":\"https:\/\/www.blagroep.nl\/wp-content\/uploads\/2024\/07\/298119943_494449299348513_3574281189629913686_n.jpg\",\"datePublished\":\"2024-09-19T08:00:26+00:00\",\"breadcrumb\":{\"@id\":\"https:\/\/www.blagroep.nl\/hu\/munkanelkuli-segely-hollandiaban\/#breadcrumb\"},\"inLanguage\":\"hu\",\"potentialAction\":[{\"@type\":\"ReadAction\",\"target\":[\"https:\/\/www.blagroep.nl\/hu\/munkanelkuli-segely-hollandiaban\/\"]}]},{\"@type\":\"ImageObject\",\"inLanguage\":\"hu\",\"@id\":\"https:\/\/www.blagroep.nl\/hu\/munkanelkuli-segely-hollandiaban\/#primaryimage\",\"url\":\"https:\/\/www.blagroep.nl\/wp-content\/uploads\/2024\/07\/298119943_494449299348513_3574281189629913686_n.jpg\",\"contentUrl\":\"https:\/\/www.blagroep.nl\/wp-content\/uploads\/2024\/07\/298119943_494449299348513_3574281189629913686_n.jpg\",\"width\":600,\"height\":503},{\"@type\":\"BreadcrumbList\",\"@id\":\"https:\/\/www.blagroep.nl\/hu\/munkanelkuli-segely-hollandiaban\/#breadcrumb\",\"itemListElement\":[{\"@type\":\"ListItem\",\"position\":1,\"name\":\"Home\",\"item\":\"https:\/\/www.blagroep.nl\/hu\/\"},{\"@type\":\"ListItem\",\"position\":2,\"name\":\"Munkan\u00e9lk\u00fcli Seg\u00e9ly Hollandi\u00e1ban\"}]},{\"@type\":\"WebSite\",\"@id\":\"https:\/\/www.blagroep.nl\/hu\/#website\",\"url\":\"https:\/\/www.blagroep.nl\/hu\/\",\"name\":\"BLA Groep\",\"description\":\"Boekhouding, Loonadministratie en Advies\",\"publisher\":{\"@id\":\"https:\/\/www.blagroep.nl\/hu\/#organization\"},\"potentialAction\":[{\"@type\":\"SearchAction\",\"target\":{\"@type\":\"EntryPoint\",\"urlTemplate\":\"https:\/\/www.blagroep.nl\/hu\/?s={search_term_string}\"},\"query-input\":{\"@type\":\"PropertyValueSpecification\",\"valueRequired\":true,\"valueName\":\"search_term_string\"}}],\"inLanguage\":\"hu\"},{\"@type\":\"Organization\",\"@id\":\"https:\/\/www.blagroep.nl\/hu\/#organization\",\"name\":\"BLA Groep\",\"url\":\"https:\/\/www.blagroep.nl\/hu\/\",\"logo\":{\"@type\":\"ImageObject\",\"inLanguage\":\"hu\",\"@id\":\"https:\/\/www.blagroep.nl\/hu\/#\/schema\/logo\/image\/\",\"url\":\"https:\/\/www.blagroep.nl\/wp-content\/uploads\/2022\/06\/blagroep-logo.png\",\"contentUrl\":\"https:\/\/www.blagroep.nl\/wp-content\/uploads\/2022\/06\/blagroep-logo.png\",\"width\":410,\"height\":383,\"caption\":\"BLA Groep\"},\"image\":{\"@id\":\"https:\/\/www.blagroep.nl\/hu\/#\/schema\/logo\/image\/\"}},{\"@type\":\"Person\",\"@id\":\"https:\/\/www.blagroep.nl\/hu\/#\/schema\/person\/47a0fa6b1c5f9e73e60d901a26ba16dc\",\"name\":\"Webmaster\",\"image\":{\"@type\":\"ImageObject\",\"inLanguage\":\"hu\",\"@id\":\"https:\/\/www.blagroep.nl\/hu\/#\/schema\/person\/image\/\",\"url\":\"https:\/\/secure.gravatar.com\/avatar\/2fed7c26755e65e495ecd4945cdefc2045e96c11169214b6792b4c4a8b380699?s=96&d=mm&r=g\",\"contentUrl\":\"https:\/\/secure.gravatar.com\/avatar\/2fed7c26755e65e495ecd4945cdefc2045e96c11169214b6792b4c4a8b380699?s=96&d=mm&r=g\",\"caption\":\"Webmaster\"},\"sameAs\":[\"https:\/\/www.blagroep.nl\"],\"url\":\"https:\/\/www.blagroep.nl\/hu\/author\/admin\/\"}]}<\/script>\n<!-- \/ Yoast SEO plugin. -->","yoast_head_json":{"title":"Munkan\u00e9lk\u00fcli Seg\u00e9ly Hollandi\u00e1ban - BLA Groep","robots":{"index":"index","follow":"follow","max-snippet":"max-snippet:-1","max-image-preview":"max-image-preview:large","max-video-preview":"max-video-preview:-1"},"canonical":"https:\/\/www.blagroep.nl\/hu\/munkanelkuli-segely-hollandiaban\/","og_locale":"hu_HU","og_type":"article","og_title":"Munkan\u00e9lk\u00fcli Seg\u00e9ly Hollandi\u00e1ban - BLA Groep","og_description":"Munkan\u00e9lk\u00fcli seg\u00e9ly &#8211; Ki veheti ig\u00e9nybe a munkan\u00e9lk\u00fcli ell\u00e1t\u00e1st Hollandi\u00e1ban? Az veheti ig\u00e9nybe a munkan\u00e9lk\u00fcli ell\u00e1t\u00e1st Hollandi\u00e1ban, akinek az elm\u00falt [&hellip;]","og_url":"https:\/\/www.blagroep.nl\/hu\/munkanelkuli-segely-hollandiaban\/","og_site_name":"BLA Groep","article_published_time":"2024-09-19T08:00:26+00:00","og_image":[{"width":600,"height":503,"url":"https:\/\/www.blagroep.nl\/wp-content\/uploads\/2024\/07\/298119943_494449299348513_3574281189629913686_n.jpg","type":"image\/jpeg"}],"author":"Webmaster","twitter_card":"summary_large_image","twitter_misc":{"Szerz\u0151:":"Webmaster","Becs\u00fclt olvas\u00e1si id\u0151":"3 perc"},"schema":{"@context":"https:\/\/schema.org","@graph":[{"@type":"Article","@id":"https:\/\/www.blagroep.nl\/hu\/munkanelkuli-segely-hollandiaban\/#article","isPartOf":{"@id":"https:\/\/www.blagroep.nl\/hu\/munkanelkuli-segely-hollandiaban\/"},"author":{"name":"Webmaster","@id":"https:\/\/www.blagroep.nl\/hu\/#\/schema\/person\/47a0fa6b1c5f9e73e60d901a26ba16dc"},"headline":"Munkan\u00e9lk\u00fcli Seg\u00e9ly Hollandi\u00e1ban","datePublished":"2024-09-19T08:00:26+00:00","mainEntityOfPage":{"@id":"https:\/\/www.blagroep.nl\/hu\/munkanelkuli-segely-hollandiaban\/"},"wordCount":573,"commentCount":0,"publisher":{"@id":"https:\/\/www.blagroep.nl\/hu\/#organization"},"image":{"@id":"https:\/\/www.blagroep.nl\/hu\/munkanelkuli-segely-hollandiaban\/#primaryimage"},"thumbnailUrl":"https:\/\/www.blagroep.nl\/wp-content\/uploads\/2024\/07\/298119943_494449299348513_3574281189629913686_n.jpg","articleSection":["Blog"],"inLanguage":"hu","potentialAction":[{"@type":"CommentAction","name":"Comment","target":["https:\/\/www.blagroep.nl\/hu\/munkanelkuli-segely-hollandiaban\/#respond"]}]},{"@type":"WebPage","@id":"https:\/\/www.blagroep.nl\/hu\/munkanelkuli-segely-hollandiaban\/","url":"https:\/\/www.blagroep.nl\/hu\/munkanelkuli-segely-hollandiaban\/","name":"Munkan\u00e9lk\u00fcli Seg\u00e9ly Hollandi\u00e1ban - BLA Groep","isPartOf":{"@id":"https:\/\/www.blagroep.nl\/hu\/#website"},"primaryImageOfPage":{"@id":"https:\/\/www.blagroep.nl\/hu\/munkanelkuli-segely-hollandiaban\/#primaryimage"},"image":{"@id":"https:\/\/www.blagroep.nl\/hu\/munkanelkuli-segely-hollandiaban\/#primaryimage"},"thumbnailUrl":"https:\/\/www.blagroep.nl\/wp-content\/uploads\/2024\/07\/298119943_494449299348513_3574281189629913686_n.jpg","datePublished":"2024-09-19T08:00:26+00:00","breadcrumb":{"@id":"https:\/\/www.blagroep.nl\/hu\/munkanelkuli-segely-hollandiaban\/#breadcrumb"},"inLanguage":"hu","potentialAction":[{"@type":"ReadAction","target":["https:\/\/www.blagroep.nl\/hu\/munkanelkuli-segely-hollandiaban\/"]}]},{"@type":"ImageObject","inLanguage":"hu","@id":"https:\/\/www.blagroep.nl\/hu\/munkanelkuli-segely-hollandiaban\/#primaryimage","url":"https:\/\/www.blagroep.nl\/wp-content\/uploads\/2024\/07\/298119943_494449299348513_3574281189629913686_n.jpg","contentUrl":"https:\/\/www.blagroep.nl\/wp-content\/uploads\/2024\/07\/298119943_494449299348513_3574281189629913686_n.jpg","width":600,"height":503},{"@type":"BreadcrumbList","@id":"https:\/\/www.blagroep.nl\/hu\/munkanelkuli-segely-hollandiaban\/#breadcrumb","itemListElement":[{"@type":"ListItem","position":1,"name":"Home","item":"https:\/\/www.blagroep.nl\/hu\/"},{"@type":"ListItem","position":2,"name":"Munkan\u00e9lk\u00fcli Seg\u00e9ly Hollandi\u00e1ban"}]},{"@type":"WebSite","@id":"https:\/\/www.blagroep.nl\/hu\/#website","url":"https:\/\/www.blagroep.nl\/hu\/","name":"BLA Groep","description":"Boekhouding, Loonadministratie en Advies","publisher":{"@id":"https:\/\/www.blagroep.nl\/hu\/#organization"},"potentialAction":[{"@type":"SearchAction","target":{"@type":"EntryPoint","urlTemplate":"https:\/\/www.blagroep.nl\/hu\/?s={search_term_string}"},"query-input":{"@type":"PropertyValueSpecification","valueRequired":true,"valueName":"search_term_string"}}],"inLanguage":"hu"},{"@type":"Organization","@id":"https:\/\/www.blagroep.nl\/hu\/#organization","name":"BLA Groep","url":"https:\/\/www.blagroep.nl\/hu\/","logo":{"@type":"ImageObject","inLanguage":"hu","@id":"https:\/\/www.blagroep.nl\/hu\/#\/schema\/logo\/image\/","url":"https:\/\/www.blagroep.nl\/wp-content\/uploads\/2022\/06\/blagroep-logo.png","contentUrl":"https:\/\/www.blagroep.nl\/wp-content\/uploads\/2022\/06\/blagroep-logo.png","width":410,"height":383,"caption":"BLA Groep"},"image":{"@id":"https:\/\/www.blagroep.nl\/hu\/#\/schema\/logo\/image\/"}},{"@type":"Person","@id":"https:\/\/www.blagroep.nl\/hu\/#\/schema\/person\/47a0fa6b1c5f9e73e60d901a26ba16dc","name":"Webmaster","image":{"@type":"ImageObject","inLanguage":"hu","@id":"https:\/\/www.blagroep.nl\/hu\/#\/schema\/person\/image\/","url":"https:\/\/secure.gravatar.com\/avatar\/2fed7c26755e65e495ecd4945cdefc2045e96c11169214b6792b4c4a8b380699?s=96&d=mm&r=g","contentUrl":"https:\/\/secure.gravatar.com\/avatar\/2fed7c26755e65e495ecd4945cdefc2045e96c11169214b6792b4c4a8b380699?s=96&d=mm&r=g","caption":"Webmaster"},"sameAs":["https:\/\/www.blagroep.nl"],"url":"https:\/\/www.blagroep.nl\/hu\/author\/admin\/"}]}},"_links":{"self":[{"href":"https:\/\/www.blagroep.nl\/hu\/wp-json\/wp\/v2\/posts\/4338","targetHints":{"allow":["GET"]}}],"collection":[{"href":"https:\/\/www.blagroep.nl\/hu\/wp-json\/wp\/v2\/posts"}],"about":[{"href":"https:\/\/www.blagroep.nl\/hu\/wp-json\/wp\/v2\/types\/post"}],"author":[{"embeddable":true,"href":"https:\/\/www.blagroep.nl\/hu\/wp-json\/wp\/v2\/users\/1"}],"replies":[{"embeddable":true,"href":"https:\/\/www.blagroep.nl\/hu\/wp-json\/wp\/v2\/comments?post=4338"}],"version-history":[{"count":0,"href":"https:\/\/www.blagroep.nl\/hu\/wp-json\/wp\/v2\/posts\/4338\/revisions"}],"wp:featuredmedia":[{"embeddable":true,"href":"https:\/\/www.blagroep.nl\/hu\/wp-json\/wp\/v2\/media\/4339"}],"wp:attachment":[{"href":"https:\/\/www.blagroep.nl\/hu\/wp-json\/wp\/v2\/media?parent=4338"}],"wp:term":[{"taxonomy":"category","embeddable":true,"href":"https:\/\/www.blagroep.nl\/hu\/wp-json\/wp\/v2\/categories?post=4338"},{"taxonomy":"post_tag","embeddable":true,"href":"https:\/\/www.blagroep.nl\/hu\/wp-json\/wp\/v2\/tags?post=4338"}],"curies":[{"name":"wp","href":"https:\/\/api.w.org\/{rel}","templated":true}]}}